{"id":3364,"date":"2026-06-30T17:14:32","date_gmt":"2026-06-30T15:14:32","guid":{"rendered":"https:\/\/www.skolabezhranic.cz\/srbec\/?p=3364"},"modified":"2026-06-30T17:14:32","modified_gmt":"2026-06-30T15:14:32","slug":"letni-prazdniny","status":"publish","type":"post","link":"https:\/\/www.skolabezhranic.cz\/srbec\/2026\/06\/30\/letni-prazdniny\/","title":{"rendered":"Letn\u00ed pr\u00e1zdniny"},"content":{"rendered":"<p>V\u0161em d\u011btem M\u0160, z\u00e1konn\u00fdm z\u00e1stupc\u016fm a zam\u011bstnanc\u016fm Z\u0160 a M\u0160 Bez hranic p\u0159eji zaslou\u017een\u00e9 kr\u00e1sn\u00e9 a sluncem zalit\u00e9 pr\u00e1zdniny pln\u00e9 odpo\u010dinku, radosti a p\u011bkn\u00fdch z\u00e1\u017eitk\u016f.<\/p>\n<p>P. Skleni\u010dkov\u00e1<\/p>\n","protected":false},"excerpt":{"rendered":"<p>V\u0161em d\u011btem M\u0160, z\u00e1konn\u00fdm z\u00e1stupc\u016fm a zam\u011bstnanc\u016fm Z\u0160 a M\u0160 Bez hranic p\u0159eji zaslou\u017een\u00e9 kr\u00e1sn\u00e9 a sluncem zalit\u00e9 pr\u00e1zdniny pln\u00e9 odpo\u010dinku, radosti a p\u011bkn\u00fdch z\u00e1\u017eitk\u016f. P. Skleni\u010dkov\u00e1<\/p>\n","protected":false},"author":12,"featured_media":1473,"comment_status":"closed","ping_status":"closed","sticky":false,"template":"","format":"standard","meta":{"footnotes":""},"categories":[1],"tags":[],"class_list":["post-3364","post","type-post","status-publish","format-standard","has-post-thumbnail","hentry","category-nezarazene"],"_links":{"self":[{"href":"https:\/\/www.skolabezhranic.cz\/srbec\/wp-json\/wp\/v2\/posts\/3364","targetHints":{"allow":["GET"]}}],"collection":[{"href":"https:\/\/www.skolabezhranic.cz\/srbec\/wp-json\/wp\/v2\/posts"}],"about":[{"href":"https:\/\/www.skolabezhranic.cz\/srbec\/wp-json\/wp\/v2\/types\/post"}],"author":[{"embeddable":true,"href":"https:\/\/www.skolabezhranic.cz\/srbec\/wp-json\/wp\/v2\/users\/12"}],"replies":[{"embeddable":true,"href":"https:\/\/www.skolabezhranic.cz\/srbec\/wp-json\/wp\/v2\/comments?post=3364"}],"version-history":[{"count":1,"href":"https:\/\/www.skolabezhranic.cz\/srbec\/wp-json\/wp\/v2\/posts\/3364\/revisions"}],"predecessor-version":[{"id":3365,"href":"https:\/\/www.skolabezhranic.cz\/srbec\/wp-json\/wp\/v2\/posts\/3364\/revisions\/3365"}],"wp:featuredmedia":[{"embeddable":true,"href":"https:\/\/www.skolabezhranic.cz\/srbec\/wp-json\/wp\/v2\/media\/1473"}],"wp:attachment":[{"href":"https:\/\/www.skolabezhranic.cz\/srbec\/wp-json\/wp\/v2\/media?parent=3364"}],"wp:term":[{"taxonomy":"category","embeddable":true,"href":"https:\/\/www.skolabezhranic.cz\/srbec\/wp-json\/wp\/v2\/categories?post=3364"},{"taxonomy":"post_tag","embeddable":true,"href":"https:\/\/www.skolabezhranic.cz\/srbec\/wp-json\/wp\/v2\/tags?post=3364"}],"curies":[{"name":"wp","href":"https:\/\/api.w.org\/{rel}","templated":true}]}}