{"id":3303,"date":"2026-04-30T12:05:25","date_gmt":"2026-04-30T10:05:25","guid":{"rendered":"https:\/\/www.skolabezhranic.cz\/srbec\/?p=3303"},"modified":"2026-04-30T12:05:25","modified_gmt":"2026-04-30T10:05:25","slug":"smutna-zprava","status":"publish","type":"post","link":"https:\/\/www.skolabezhranic.cz\/srbec\/2026\/04\/30\/smutna-zprava\/","title":{"rendered":"Smutn\u00e1 zpr\u00e1va"},"content":{"rendered":"<p>V\u00e1\u017een\u00ed rodi\u010de, mil\u00ed \u017e\u00e1ci a mil\u00e9 d\u011bti, zam\u011bstnanci a p\u0159\u00e1tel\u00e9 Z\u0160 a M\u0160 Bez hranic<img decoding=\"async\" src=\"https:\/\/www.skolabezhranic.cz\/msec\/wp-content\/uploads\/2026\/04\/parte.pdf\" alt=\"\" \/>,<br \/>\noznamujeme V\u00e1m smutnou zpr\u00e1vu o odchodu Pana \u0159editele Mgr. Milana Dvo\u0159\u00e1ka.<\/p>\n<p>Pan \u0159editel n\u00e1s nav\u017edy opustil v p\u00e1tek 24. 4. 2026.<\/p>\n<p><a href=\"https:\/\/www.skolabezhranic.cz\/msec\/wp-content\/uploads\/2026\/04\/parte.pdf\">Smute\u010dn\u00ed ozn\u00e1men\u00ed<\/a><\/p>\n","protected":false},"excerpt":{"rendered":"<p>V\u00e1\u017een\u00ed rodi\u010de, mil\u00ed \u017e\u00e1ci a mil\u00e9 d\u011bti, zam\u011bstnanci a p\u0159\u00e1tel\u00e9 Z\u0160 a M\u0160 Bez hranic, oznamujeme V\u00e1m smutnou zpr\u00e1vu o odchodu Pana \u0159editele Mgr. Milana Dvo\u0159\u00e1ka. Pan \u0159editel n\u00e1s nav\u017edy opustil v p\u00e1tek 24. 4. 2026. Smute\u010dn\u00ed ozn\u00e1men\u00ed<\/p>\n","protected":false},"author":12,"featured_media":3304,"comment_status":"closed","ping_status":"closed","sticky":false,"template":"","format":"standard","meta":{"footnotes":""},"categories":[1],"tags":[],"class_list":["post-3303","post","type-post","status-publish","format-standard","has-post-thumbnail","hentry","category-nezarazene"],"_links":{"self":[{"href":"https:\/\/www.skolabezhranic.cz\/srbec\/wp-json\/wp\/v2\/posts\/3303","targetHints":{"allow":["GET"]}}],"collection":[{"href":"https:\/\/www.skolabezhranic.cz\/srbec\/wp-json\/wp\/v2\/posts"}],"about":[{"href":"https:\/\/www.skolabezhranic.cz\/srbec\/wp-json\/wp\/v2\/types\/post"}],"author":[{"embeddable":true,"href":"https:\/\/www.skolabezhranic.cz\/srbec\/wp-json\/wp\/v2\/users\/12"}],"replies":[{"embeddable":true,"href":"https:\/\/www.skolabezhranic.cz\/srbec\/wp-json\/wp\/v2\/comments?post=3303"}],"version-history":[{"count":1,"href":"https:\/\/www.skolabezhranic.cz\/srbec\/wp-json\/wp\/v2\/posts\/3303\/revisions"}],"predecessor-version":[{"id":3305,"href":"https:\/\/www.skolabezhranic.cz\/srbec\/wp-json\/wp\/v2\/posts\/3303\/revisions\/3305"}],"wp:featuredmedia":[{"embeddable":true,"href":"https:\/\/www.skolabezhranic.cz\/srbec\/wp-json\/wp\/v2\/media\/3304"}],"wp:attachment":[{"href":"https:\/\/www.skolabezhranic.cz\/srbec\/wp-json\/wp\/v2\/media?parent=3303"}],"wp:term":[{"taxonomy":"category","embeddable":true,"href":"https:\/\/www.skolabezhranic.cz\/srbec\/wp-json\/wp\/v2\/categories?post=3303"},{"taxonomy":"post_tag","embeddable":true,"href":"https:\/\/www.skolabezhranic.cz\/srbec\/wp-json\/wp\/v2\/tags?post=3303"}],"curies":[{"name":"wp","href":"https:\/\/api.w.org\/{rel}","templated":true}]}}