{"id":3166,"date":"2025-12-16T07:48:16","date_gmt":"2025-12-16T06:48:16","guid":{"rendered":"https:\/\/www.skolabezhranic.cz\/srbec\/?p=3166"},"modified":"2025-12-16T07:48:16","modified_gmt":"2025-12-16T06:48:16","slug":"provoz-ms-22-12-2025-2-1-2026","status":"publish","type":"post","link":"https:\/\/www.skolabezhranic.cz\/srbec\/2025\/12\/16\/provoz-ms-22-12-2025-2-1-2026\/","title":{"rendered":"Provoz M\u0160 22. 12. 2025 \u2013 2. 1. 2026"},"content":{"rendered":"<p><main id=\"content\" class=\"content\"><\/p>\n<div class=\"hu-pad group\">\n<article class=\"post-8893 post type-post status-publish format-standard has-post-thumbnail hentry category-uncategorized\">\n<div class=\"post-inner group\">\n<div class=\"entry themeform\">\n<div class=\"entry-inner\">\n<p>V\u00e1\u017een\u00ed rodi\u010de,<br \/>\nv dob\u011b 22. 12. 2025 \u2013 2. 1. 2026 bude provoz M\u0160 M\u0161ec, M\u0160 Srbe\u010d a M\u0160 Tu\u0159any omezen, a to tak, \u017ee v dob\u011b 22. 12. 2025 \u2013 1. 1. 2026 budou v\u0161echny M\u0160 UZAV\u0158ENY a 2. 1. 2026 bude v omezen\u00e9m provozu pouze M\u0160 Tu\u0159any.<\/p>\n<p>Cel\u00e9 zn\u011bn\u00ed omezen\u00ed na jdete\u00a0<a role=\"link\" href=\"https:\/\/www.skolabezhranic.cz\/msec\/wp-content\/uploads\/2025\/12\/20251124162353773-1.pdf\">ZDE<\/a>\u00a0(22. 12. \u2013 1. 1. 2026)\u00a0 a\u00a0\u00a0<a role=\"link\" href=\"https:\/\/www.skolabezhranic.cz\/msec\/wp-content\/uploads\/2025\/12\/ms-uzavr-2.1.26.pdf\">ZDE<\/a>\u00a0(2. 1. 2026).<\/p>\n<p>Od 5. 1. 2026 budou v\u0161echny M\u0160 v b\u011b\u017en\u00e9m provozu.<\/p>\n<p>D\u011bkujeme za pochopen\u00ed a p\u0159ejeme V\u00e1m kr\u00e1sn\u00fd v\u00e1no\u010dn\u00ed \u010das!<\/p>\n<nav class=\"pagination group\"><\/nav>\n<\/div>\n<div class=\"clear\"><\/div>\n<\/div>\n<\/div>\n<\/article>\n<div class=\"clear\"><\/div>\n<\/div>\n<p><\/main><\/p>\n<div class=\"sidebar s1 collapsed\" data-position=\"right\" data-layout=\"col-2cl\" data-sb-id=\"s1\">\n<div class=\"sidebar-content\">\n<div class=\"sidebar-top group\"><\/div>\n<\/div>\n<\/div>\n","protected":false},"excerpt":{"rendered":"<p>V\u00e1\u017een\u00ed rodi\u010de, v dob\u011b 22. 12. 2025 \u2013 2. 1. 2026 bude provoz M\u0160 M\u0161ec, M\u0160 Srbe\u010d a M\u0160 Tu\u0159any omezen, a to tak, \u017ee v dob\u011b 22. 12. 2025 \u2013 1. 1. 2026 budou v\u0161echny M\u0160 UZAV\u0158ENY a 2. 1. 2026 bude v omezen\u00e9m provozu pouze M\u0160 Tu\u0159any. Cel\u00e9&#46;&#46;&#46;<\/p>\n","protected":false},"author":12,"featured_media":1326,"comment_status":"closed","ping_status":"closed","sticky":false,"template":"","format":"standard","meta":{"footnotes":""},"categories":[1],"tags":[],"class_list":["post-3166","post","type-post","status-publish","format-standard","has-post-thumbnail","hentry","category-nezarazene"],"_links":{"self":[{"href":"https:\/\/www.skolabezhranic.cz\/srbec\/wp-json\/wp\/v2\/posts\/3166","targetHints":{"allow":["GET"]}}],"collection":[{"href":"https:\/\/www.skolabezhranic.cz\/srbec\/wp-json\/wp\/v2\/posts"}],"about":[{"href":"https:\/\/www.skolabezhranic.cz\/srbec\/wp-json\/wp\/v2\/types\/post"}],"author":[{"embeddable":true,"href":"https:\/\/www.skolabezhranic.cz\/srbec\/wp-json\/wp\/v2\/users\/12"}],"replies":[{"embeddable":true,"href":"https:\/\/www.skolabezhranic.cz\/srbec\/wp-json\/wp\/v2\/comments?post=3166"}],"version-history":[{"count":1,"href":"https:\/\/www.skolabezhranic.cz\/srbec\/wp-json\/wp\/v2\/posts\/3166\/revisions"}],"predecessor-version":[{"id":3167,"href":"https:\/\/www.skolabezhranic.cz\/srbec\/wp-json\/wp\/v2\/posts\/3166\/revisions\/3167"}],"wp:featuredmedia":[{"embeddable":true,"href":"https:\/\/www.skolabezhranic.cz\/srbec\/wp-json\/wp\/v2\/media\/1326"}],"wp:attachment":[{"href":"https:\/\/www.skolabezhranic.cz\/srbec\/wp-json\/wp\/v2\/media?parent=3166"}],"wp:term":[{"taxonomy":"category","embeddable":true,"href":"https:\/\/www.skolabezhranic.cz\/srbec\/wp-json\/wp\/v2\/categories?post=3166"},{"taxonomy":"post_tag","embeddable":true,"href":"https:\/\/www.skolabezhranic.cz\/srbec\/wp-json\/wp\/v2\/tags?post=3166"}],"curies":[{"name":"wp","href":"https:\/\/api.w.org\/{rel}","templated":true}]}}