{"id":2868,"date":"2025-03-05T13:45:44","date_gmt":"2025-03-05T12:45:44","guid":{"rendered":"https:\/\/www.skolabezhranic.cz\/srbec\/?p=2868"},"modified":"2025-03-05T13:45:44","modified_gmt":"2025-03-05T12:45:44","slug":"zapisy-do-1-rocniku-a-pt-zs-bez-hranic","status":"publish","type":"post","link":"https:\/\/www.skolabezhranic.cz\/srbec\/2025\/03\/05\/zapisy-do-1-rocniku-a-pt-zs-bez-hranic\/","title":{"rendered":"Z\u00c1PISY do 1. ro\u010dn\u00edk\u016f a PT Z\u0160 Bez hranic"},"content":{"rendered":"<article class=\"post-5233 post type-post status-publish format-standard has-post-thumbnail hentry category-uncategorized\">\n<div class=\"post-inner group\">\n<div class=\"entry themeform\">\n<div class=\"entry-inner\">\n<div style=\"text-align: center;\"><strong>TERM\u00cdNY Z\u00c1PIS\u016e \u017d\u00c1K\u016e do 1. ro\u010dn\u00edku Z\u0160 a PT pro \u0161koln\u00ed rok 2025\/2026<br \/>\n<\/strong><strong>(pro d\u011bti narozen\u00e9 1.9.2018 \u2013 31.8.2019 a pro d\u011bti s odkladem povinn\u00e9 \u0161koln\u00ed doch\u00e1zky) budou:<br \/>\n<span style=\"background-color: #0000ff; color: #ffffff;\">ST\u0158EDA 9. 4. 2025 (14,00 &#8211; 18,00) &#8211; do 1. ro\u010dn\u00edku Z\u0160 M\u0160EC<\/span><br \/>\n<span style=\"background-color: #0000ff; color: #ffffff;\">\u010cTVRTEK 10. 4. 2025 (14,00 &#8211; 18,00) &#8211; do 1. ro\u010dn\u00edku a PT Z\u0160 TU\u0158ANY<\/span><\/strong><\/div>\n<div style=\"text-align: center;\"><a href=\"https:\/\/www.skolabezhranic.cz\/msec\/wp-content\/uploads\/2025\/03\/Zapisy-do-ZS-25_26-informace-terminy.pdf\">Z\u00c1KLADN\u00cd PRAVIDLA A INFORMACE K Z\u00c1PIS\u016eM<\/a><br \/>\n<a href=\"https:\/\/www.skolabezhranic.cz\/msec\/wp-content\/uploads\/2025\/03\/Kriteria-prijimani-do-ZS-25_26.pdf\">KRIT\u00c9RIA PRO P\u0158IJ\u00cdM\u00c1N\u00cd DO 1. RO\u010cN\u00cdKU Z\u0160 2025\/2025<\/a><br \/>\nVE\u0160KER\u00c9 INFORMACE A DOKUMENTY K Z\u00c1PIS\u016eM NALEZNETE TAK\u00c9 <span style=\"font-size: 18pt;\"><a href=\"https:\/\/orgpad.info\/s\/JRV_4c-sD7H\">\u00a0ZDE<\/a>.<\/span><\/div>\n<\/div>\n<\/div>\n<\/div>\n<\/article>\n<div style=\"text-align: center;\">\n<p align=\"center\"><strong>Zaj\u00edmav\u00e9 odkazy\u00a0 PRO RODI\u010cE D\u011aT\u00cd P\u0158ED\u0160KOLN\u00cdHO V\u011aKU:<\/strong><\/p>\n<ol>\n<li><a href=\"http:\/\/www.skolabezhranic.cz\/turany\/wp-content\/uploads\/2017\/08\/Mate-doma-predskolaka-BROZURA-%E2%80%93-ZA-SEBOU.pdf\">Budeme m\u00edt \u0161kol\u00e1ka<\/a>\u00a0\u2013 MAS Rakovnicko<\/li>\n<li><a href=\"https:\/\/www.novadida.cz\/poradna-skolni-zralost\/\">Chyst\u00e1me se do 1.t\u0159\u00eddy<\/a>\u00a0\u2013 Novadida<\/li>\n<li><a href=\"http:\/\/www.skolabezhranic.cz\/msec\/wp-content\/uploads\/2017\/08\/20200216125052459.pdf\">Desatero pro budouc\u00edho prv\u0148\u00e1\u010dka<\/a><\/li>\n<li><a href=\"http:\/\/www.skolabezhranic.cz\/msec\/wp-content\/uploads\/2017\/08\/20200216125012096.pdf\">Desatero pro rodi\u010de a Desatero pro prv\u0148\u00e1\u010dky<\/a><\/li>\n<li><a href=\"http:\/\/www.skolabezhranic.cz\/msec\/wp-content\/uploads\/2017\/08\/20200216125019129.pdf\">Dvacatero vzkaz\u016f rodi\u010d\u016fm od jejich d\u011bt\u00ed<\/a><\/li>\n<li><strong><a href=\"https:\/\/hanaotevrelova.cz\/clanek\/jak-pripravit-predskolaka\">Jak p\u0159ipravit p\u0159ed\u0161kol\u00e1ka<\/a>\u00a0\u2013 H. Otev\u0159elov\u00e1<\/strong><\/li>\n<li><b><a href=\"http:\/\/www.skolabezhranic.cz\/msec\/wp-content\/uploads\/2017\/08\/desatero-pro-rodi%C4%8De.pdf\">Desatero pro rodi\u010de d\u011bt\u00ed p\u0159ed\u0161koln\u00edho v\u011bku\u00a0<\/a>\u2013 dle M\u0160MT<\/b><\/li>\n<\/ol>\n<h2><img loading=\"lazy\" decoding=\"async\" class=\"size-full wp-image-963 aligncenter\" src=\"http:\/\/www.skolabezhranic.cz\/msec\/wp-content\/uploads\/2017\/08\/\u0161kolci.jpg\" alt=\"\" width=\"182\" height=\"176\" \/><\/h2>\n<\/div>\n","protected":false},"excerpt":{"rendered":"<p>TERM\u00cdNY Z\u00c1PIS\u016e \u017d\u00c1K\u016e do 1. ro\u010dn\u00edku Z\u0160 a PT pro \u0161koln\u00ed rok 2025\/2026 (pro d\u011bti narozen\u00e9 1.9.2018 \u2013 31.8.2019 a pro d\u011bti s odkladem povinn\u00e9 \u0161koln\u00ed doch\u00e1zky) budou: ST\u0158EDA 9. 4. 2025 (14,00 &#8211; 18,00) &#8211; do 1. ro\u010dn\u00edku Z\u0160 M\u0160EC \u010cTVRTEK 10. 4. 2025 (14,00 &#8211; 18,00) &#8211; do&#46;&#46;&#46;<\/p>\n","protected":false},"author":12,"featured_media":1387,"comment_status":"closed","ping_status":"closed","sticky":false,"template":"","format":"standard","meta":{"footnotes":""},"categories":[1],"tags":[],"class_list":["post-2868","post","type-post","status-publish","format-standard","has-post-thumbnail","hentry","category-nezarazene"],"_links":{"self":[{"href":"https:\/\/www.skolabezhranic.cz\/srbec\/wp-json\/wp\/v2\/posts\/2868","targetHints":{"allow":["GET"]}}],"collection":[{"href":"https:\/\/www.skolabezhranic.cz\/srbec\/wp-json\/wp\/v2\/posts"}],"about":[{"href":"https:\/\/www.skolabezhranic.cz\/srbec\/wp-json\/wp\/v2\/types\/post"}],"author":[{"embeddable":true,"href":"https:\/\/www.skolabezhranic.cz\/srbec\/wp-json\/wp\/v2\/users\/12"}],"replies":[{"embeddable":true,"href":"https:\/\/www.skolabezhranic.cz\/srbec\/wp-json\/wp\/v2\/comments?post=2868"}],"version-history":[{"count":1,"href":"https:\/\/www.skolabezhranic.cz\/srbec\/wp-json\/wp\/v2\/posts\/2868\/revisions"}],"predecessor-version":[{"id":2869,"href":"https:\/\/www.skolabezhranic.cz\/srbec\/wp-json\/wp\/v2\/posts\/2868\/revisions\/2869"}],"wp:featuredmedia":[{"embeddable":true,"href":"https:\/\/www.skolabezhranic.cz\/srbec\/wp-json\/wp\/v2\/media\/1387"}],"wp:attachment":[{"href":"https:\/\/www.skolabezhranic.cz\/srbec\/wp-json\/wp\/v2\/media?parent=2868"}],"wp:term":[{"taxonomy":"category","embeddable":true,"href":"https:\/\/www.skolabezhranic.cz\/srbec\/wp-json\/wp\/v2\/categories?post=2868"},{"taxonomy":"post_tag","embeddable":true,"href":"https:\/\/www.skolabezhranic.cz\/srbec\/wp-json\/wp\/v2\/tags?post=2868"}],"curies":[{"name":"wp","href":"https:\/\/api.w.org\/{rel}","templated":true}]}}