{"id":2398,"date":"2024-01-15T16:08:04","date_gmt":"2024-01-15T15:08:04","guid":{"rendered":"https:\/\/www.skolabezhranic.cz\/srbec\/?p=2398"},"modified":"2024-01-17T09:38:02","modified_gmt":"2024-01-17T08:38:02","slug":"odborne-setkani-pro-rodice-predskolaku-a-pedagogy-v-ms-msec","status":"publish","type":"post","link":"https:\/\/www.skolabezhranic.cz\/srbec\/2024\/01\/15\/odborne-setkani-pro-rodice-predskolaku-a-pedagogy-v-ms-msec\/","title":{"rendered":"Odborn\u00e9 setk\u00e1n\u00ed pro rodi\u010de p\u0159ed\u0161kol\u00e1k\u016f a pedagogy v M\u0160 M\u0161ec"},"content":{"rendered":"<p><a href=\"https:\/\/www.skolabezhranic.cz\/msec\/wp-content\/uploads\/2024\/01\/Setkani-MS-a-PPP.pdf\"><b>ODBORN\u00c9 SETK\u00c1N\u00cd PRO RODI\u010cE A PEDAGOGY<\/b><\/a><\/p>\n<p><b>v st\u0159eda 14. 2. 2024<\/b><b>\u00a0od\u00a0<\/b><b>15,00<\/b><b>\u00a0v\u00a0<\/b><b>M<\/b><b>\u0160<\/b><b>\u00a0M\u0161ec<\/b><\/p>\n<p>V\u00e1\u017een\u00ed rodi\u010de, p\u0159ipravili jsme pro V\u00e1s setk\u00e1n\u00ed se speci\u00e1ln\u00edm pedagogem Mgr. Radanou Nikolau, kter\u00e1 p\u016fsob\u00ed PPP v\u00a0Rakovn\u00edku. Hlavn\u00ed t\u00e9ma: \u201e\u0160KOLN\u00cd ZRALOST\u201c aneb p\u0159ipravenost d\u011bt\u00ed na vstup do 1. t\u0159\u00eddy Z\u0160.<\/p>\n<p><i>V\u011b\u0159\u00edme, \u017ee je toto t\u00e9ma pro V\u00e1s (rodi\u010de) velmi aktu\u00e1ln\u00ed \u2013 setk\u00e1n\u00ed je vhodn\u00e9 nejen pro rodi\u010de p\u0159ed\u0161kol\u00e1k\u016f, ale pro v\u0161echny, kte\u0159\u00ed se zaj\u00edmaj\u00ed o rozvoj sv\u00e9ho d\u00edt\u011bte ve v\u0161ech oblastech a hledaj\u00ed odpov\u011bdi a rady od odborn\u00edk\u016f. \u00a0\u00a0<\/i><i>\u00a0\u00a0\u00a0\u00a0\u00a0\u00a0\u00a0\u00a0\u00a0\u00a0\u00a0\u00a0\u00a0<\/i><\/p>\n<p>T\u011b\u0161\u00edme se na V\u00e1s, drobn\u00e9 ob\u010derstven\u00ed zaji\u0161t\u011bno.<\/p>\n","protected":false},"excerpt":{"rendered":"<p>ODBORN\u00c9 SETK\u00c1N\u00cd PRO RODI\u010cE A PEDAGOGY v st\u0159eda 14. 2. 2024\u00a0od\u00a015,00\u00a0v\u00a0M\u0160\u00a0M\u0161ec V\u00e1\u017een\u00ed rodi\u010de, p\u0159ipravili jsme pro V\u00e1s setk\u00e1n\u00ed se speci\u00e1ln\u00edm pedagogem Mgr. Radanou Nikolau, kter\u00e1 p\u016fsob\u00ed PPP v\u00a0Rakovn\u00edku. Hlavn\u00ed t\u00e9ma: \u201e\u0160KOLN\u00cd ZRALOST\u201c aneb p\u0159ipravenost d\u011bt\u00ed na vstup do 1. t\u0159\u00eddy Z\u0160. V\u011b\u0159\u00edme, \u017ee je toto t\u00e9ma pro V\u00e1s (rodi\u010de) velmi&#46;&#46;&#46;<\/p>\n","protected":false},"author":12,"featured_media":2399,"comment_status":"closed","ping_status":"closed","sticky":false,"template":"","format":"standard","meta":{"footnotes":""},"categories":[1],"tags":[],"class_list":["post-2398","post","type-post","status-publish","format-standard","has-post-thumbnail","hentry","category-nezarazene"],"_links":{"self":[{"href":"https:\/\/www.skolabezhranic.cz\/srbec\/wp-json\/wp\/v2\/posts\/2398","targetHints":{"allow":["GET"]}}],"collection":[{"href":"https:\/\/www.skolabezhranic.cz\/srbec\/wp-json\/wp\/v2\/posts"}],"about":[{"href":"https:\/\/www.skolabezhranic.cz\/srbec\/wp-json\/wp\/v2\/types\/post"}],"author":[{"embeddable":true,"href":"https:\/\/www.skolabezhranic.cz\/srbec\/wp-json\/wp\/v2\/users\/12"}],"replies":[{"embeddable":true,"href":"https:\/\/www.skolabezhranic.cz\/srbec\/wp-json\/wp\/v2\/comments?post=2398"}],"version-history":[{"count":2,"href":"https:\/\/www.skolabezhranic.cz\/srbec\/wp-json\/wp\/v2\/posts\/2398\/revisions"}],"predecessor-version":[{"id":2403,"href":"https:\/\/www.skolabezhranic.cz\/srbec\/wp-json\/wp\/v2\/posts\/2398\/revisions\/2403"}],"wp:featuredmedia":[{"embeddable":true,"href":"https:\/\/www.skolabezhranic.cz\/srbec\/wp-json\/wp\/v2\/media\/2399"}],"wp:attachment":[{"href":"https:\/\/www.skolabezhranic.cz\/srbec\/wp-json\/wp\/v2\/media?parent=2398"}],"wp:term":[{"taxonomy":"category","embeddable":true,"href":"https:\/\/www.skolabezhranic.cz\/srbec\/wp-json\/wp\/v2\/categories?post=2398"},{"taxonomy":"post_tag","embeddable":true,"href":"https:\/\/www.skolabezhranic.cz\/srbec\/wp-json\/wp\/v2\/tags?post=2398"}],"curies":[{"name":"wp","href":"https:\/\/api.w.org\/{rel}","templated":true}]}}