{"id":2318,"date":"2023-10-20T15:20:50","date_gmt":"2023-10-20T13:20:50","guid":{"rendered":"https:\/\/www.skolabezhranic.cz\/srbec\/?p=2318"},"modified":"2023-10-20T17:34:10","modified_gmt":"2023-10-20T15:34:10","slug":"oznameni-o-omezeni-provozu-ms","status":"publish","type":"post","link":"https:\/\/www.skolabezhranic.cz\/srbec\/2023\/10\/20\/oznameni-o-omezeni-provozu-ms\/","title":{"rendered":"Ozn\u00e1men\u00ed o omezen\u00ed provozu M\u0160"},"content":{"rendered":"<p>V\u00e1\u017een\u00ed rodi\u010de, ve dnech 26. a 27. 10. 2023 bude provoz M\u0160 Srbe\u010d z provozn\u00edch d\u016fvod\u016f p\u0159eru\u0161en.<\/p>\n<p>Cel\u00e9 zn\u011bn\u00ed najdete <a href=\"https:\/\/www.skolabezhranic.cz\/srbec\/wp-content\/uploads\/2023\/10\/20231020121736960-1.pdf\">ZDE<\/a>.<\/p>\n","protected":false},"excerpt":{"rendered":"<p>V\u00e1\u017een\u00ed rodi\u010de, ve dnech 26. a 27. 10. 2023 bude provoz M\u0160 Srbe\u010d z provozn\u00edch d\u016fvod\u016f p\u0159eru\u0161en. Cel\u00e9 zn\u011bn\u00ed najdete ZDE.<\/p>\n","protected":false},"author":12,"featured_media":1292,"comment_status":"closed","ping_status":"closed","sticky":false,"template":"","format":"standard","meta":{"footnotes":""},"categories":[1],"tags":[],"class_list":["post-2318","post","type-post","status-publish","format-standard","has-post-thumbnail","hentry","category-nezarazene"],"_links":{"self":[{"href":"https:\/\/www.skolabezhranic.cz\/srbec\/wp-json\/wp\/v2\/posts\/2318","targetHints":{"allow":["GET"]}}],"collection":[{"href":"https:\/\/www.skolabezhranic.cz\/srbec\/wp-json\/wp\/v2\/posts"}],"about":[{"href":"https:\/\/www.skolabezhranic.cz\/srbec\/wp-json\/wp\/v2\/types\/post"}],"author":[{"embeddable":true,"href":"https:\/\/www.skolabezhranic.cz\/srbec\/wp-json\/wp\/v2\/users\/12"}],"replies":[{"embeddable":true,"href":"https:\/\/www.skolabezhranic.cz\/srbec\/wp-json\/wp\/v2\/comments?post=2318"}],"version-history":[{"count":2,"href":"https:\/\/www.skolabezhranic.cz\/srbec\/wp-json\/wp\/v2\/posts\/2318\/revisions"}],"predecessor-version":[{"id":2324,"href":"https:\/\/www.skolabezhranic.cz\/srbec\/wp-json\/wp\/v2\/posts\/2318\/revisions\/2324"}],"wp:featuredmedia":[{"embeddable":true,"href":"https:\/\/www.skolabezhranic.cz\/srbec\/wp-json\/wp\/v2\/media\/1292"}],"wp:attachment":[{"href":"https:\/\/www.skolabezhranic.cz\/srbec\/wp-json\/wp\/v2\/media?parent=2318"}],"wp:term":[{"taxonomy":"category","embeddable":true,"href":"https:\/\/www.skolabezhranic.cz\/srbec\/wp-json\/wp\/v2\/categories?post=2318"},{"taxonomy":"post_tag","embeddable":true,"href":"https:\/\/www.skolabezhranic.cz\/srbec\/wp-json\/wp\/v2\/tags?post=2318"}],"curies":[{"name":"wp","href":"https:\/\/api.w.org\/{rel}","templated":true}]}}