{"id":2295,"date":"2023-09-25T14:56:52","date_gmt":"2023-09-25T12:56:52","guid":{"rendered":"https:\/\/www.skolabezhranic.cz\/srbec\/?p=2295"},"modified":"2023-10-03T14:58:43","modified_gmt":"2023-10-03T12:58:43","slug":"omezeni-provozu-29-9-2023","status":"publish","type":"post","link":"https:\/\/www.skolabezhranic.cz\/srbec\/2023\/09\/25\/omezeni-provozu-29-9-2023\/","title":{"rendered":"Omezen\u00ed provozu 29. 9. 2023"},"content":{"rendered":"<p>Oznamujeme V\u00e1m omezen\u00ed provozu M\u0160 Srbe\u010d v p\u00e1tek 29. 9. 2023. Cel\u00e9 zn\u011bn\u00ed <a href=\"https:\/\/www.skolabezhranic.cz\/srbec\/wp-content\/uploads\/2023\/10\/20230925122615339-2.pdf\">ZDE<\/a><\/p>\n","protected":false},"excerpt":{"rendered":"<p>Oznamujeme V\u00e1m omezen\u00ed provozu M\u0160 Srbe\u010d v p\u00e1tek 29. 9. 2023. Cel\u00e9 zn\u011bn\u00ed ZDE<\/p>\n","protected":false},"author":12,"featured_media":1292,"comment_status":"closed","ping_status":"closed","sticky":false,"template":"","format":"standard","meta":{"footnotes":""},"categories":[1],"tags":[],"class_list":["post-2295","post","type-post","status-publish","format-standard","has-post-thumbnail","hentry","category-nezarazene"],"_links":{"self":[{"href":"https:\/\/www.skolabezhranic.cz\/srbec\/wp-json\/wp\/v2\/posts\/2295","targetHints":{"allow":["GET"]}}],"collection":[{"href":"https:\/\/www.skolabezhranic.cz\/srbec\/wp-json\/wp\/v2\/posts"}],"about":[{"href":"https:\/\/www.skolabezhranic.cz\/srbec\/wp-json\/wp\/v2\/types\/post"}],"author":[{"embeddable":true,"href":"https:\/\/www.skolabezhranic.cz\/srbec\/wp-json\/wp\/v2\/users\/12"}],"replies":[{"embeddable":true,"href":"https:\/\/www.skolabezhranic.cz\/srbec\/wp-json\/wp\/v2\/comments?post=2295"}],"version-history":[{"count":1,"href":"https:\/\/www.skolabezhranic.cz\/srbec\/wp-json\/wp\/v2\/posts\/2295\/revisions"}],"predecessor-version":[{"id":2297,"href":"https:\/\/www.skolabezhranic.cz\/srbec\/wp-json\/wp\/v2\/posts\/2295\/revisions\/2297"}],"wp:featuredmedia":[{"embeddable":true,"href":"https:\/\/www.skolabezhranic.cz\/srbec\/wp-json\/wp\/v2\/media\/1292"}],"wp:attachment":[{"href":"https:\/\/www.skolabezhranic.cz\/srbec\/wp-json\/wp\/v2\/media?parent=2295"}],"wp:term":[{"taxonomy":"category","embeddable":true,"href":"https:\/\/www.skolabezhranic.cz\/srbec\/wp-json\/wp\/v2\/categories?post=2295"},{"taxonomy":"post_tag","embeddable":true,"href":"https:\/\/www.skolabezhranic.cz\/srbec\/wp-json\/wp\/v2\/tags?post=2295"}],"curies":[{"name":"wp","href":"https:\/\/api.w.org\/{rel}","templated":true}]}}