{"id":1770,"date":"2022-05-14T15:26:40","date_gmt":"2022-05-14T13:26:40","guid":{"rendered":"https:\/\/www.skolabezhranic.cz\/srbec\/?p=1770"},"modified":"2022-06-14T15:37:47","modified_gmt":"2022-06-14T13:37:47","slug":"dodatecny-zapis-do-zs-i-ms-pro-deti-z-ukrajiny","status":"publish","type":"post","link":"https:\/\/www.skolabezhranic.cz\/srbec\/2022\/05\/14\/dodatecny-zapis-do-zs-i-ms-pro-deti-z-ukrajiny\/","title":{"rendered":"Dodate\u010dn\u00fd z\u00e1pis do Z\u0160 i M\u0160 pro d\u011bti z Ukrajiny"},"content":{"rendered":"\n<p><strong>Pro d\u011bti z Ukrajiny,&nbsp;<\/strong>kter\u00e9 p\u0159i\u0161ly do \u010cR po 24. 2. 2022 a maj\u00ed v\u00edzum \u201eStrp\u011bn\u00ed\u201c nebo \u201eDo\u010dasnou ochranu\u201c, se uskute\u010dn\u00ed&nbsp;<strong>dodate\u010dn\u00fd z\u00e1pis&nbsp;<\/strong>dne 14. 6. 2022 od 14,00 &#8211; do 16,00 hod.<br>Ve\u0161ker\u00e9 informace k z\u00e1pisu najdete&nbsp;<a href=\"http:\/\/www.skolabezhranic.cz\/msec\/wp-content\/uploads\/2022\/05\/20220520121159880-1.pdf\">ZDE<\/a>.<\/p>\n\n\n\n<p>Upozor\u0148ujeme, \u017ee d\u011bti hl\u00e1s\u00edc\u00ed se do \u010desk\u00fdch mate\u0159sk\u00fdch \u0161kol mus\u00ed m\u00edt spln\u011bn\u00e9 povinn\u00e9 o\u010dkov\u00e1n\u00ed dle \u010desk\u00e9 legislativy.<\/p>\n\n\n\n<p>Dokumenty:<br>&#8211; <a href=\"https:\/\/www.skolabezhranic.cz\/srbec\/wp-content\/uploads\/2022\/06\/Zadost-o-prijeti-do-MS-Ukrajina-MS-Srbec.pdf\">\u017d\u00e1dost o p\u0159ijet\u00ed d\u00edt\u011bte k p\u0159ed\u0161koln\u00edmu vzd\u011bl\u00e1v\u00e1n\u00ed (do M\u0160) &#8211; \u0417\u0430\u044f\u0432\u0430 \u043d\u0430 \u0432\u0441\u0442\u0443\u043f \u0434\u0438\u0442\u0438\u043d\u0438 \u0434\u043e \u0434\u043e\u0448\u043a\u0456\u043b\u044c\u043d\u043e\u0457 \u043e\u0441\u0432\u0456\u0442\u0438<\/a> <\/p>\n","protected":false},"excerpt":{"rendered":"<p>Pro d\u011bti z Ukrajiny,&nbsp;kter\u00e9 p\u0159i\u0161ly do \u010cR po 24. 2. 2022 a maj\u00ed v\u00edzum \u201eStrp\u011bn\u00ed\u201c nebo \u201eDo\u010dasnou ochranu\u201c, se uskute\u010dn\u00ed&nbsp;dodate\u010dn\u00fd z\u00e1pis&nbsp;dne 14. 6. 2022 od 14,00 &#8211; do 16,00 hod.Ve\u0161ker\u00e9 informace k z\u00e1pisu najdete&nbsp;ZDE. Upozor\u0148ujeme, \u017ee d\u011bti hl\u00e1s\u00edc\u00ed se do \u010desk\u00fdch mate\u0159sk\u00fdch \u0161kol mus\u00ed m\u00edt spln\u011bn\u00e9 povinn\u00e9 o\u010dkov\u00e1n\u00ed dle \u010desk\u00e9&#46;&#46;&#46;<\/p>\n","protected":false},"author":12,"featured_media":1771,"comment_status":"closed","ping_status":"closed","sticky":false,"template":"","format":"standard","meta":{"footnotes":""},"categories":[1],"tags":[],"class_list":["post-1770","post","type-post","status-publish","format-standard","has-post-thumbnail","hentry","category-nezarazene"],"_links":{"self":[{"href":"https:\/\/www.skolabezhranic.cz\/srbec\/wp-json\/wp\/v2\/posts\/1770","targetHints":{"allow":["GET"]}}],"collection":[{"href":"https:\/\/www.skolabezhranic.cz\/srbec\/wp-json\/wp\/v2\/posts"}],"about":[{"href":"https:\/\/www.skolabezhranic.cz\/srbec\/wp-json\/wp\/v2\/types\/post"}],"author":[{"embeddable":true,"href":"https:\/\/www.skolabezhranic.cz\/srbec\/wp-json\/wp\/v2\/users\/12"}],"replies":[{"embeddable":true,"href":"https:\/\/www.skolabezhranic.cz\/srbec\/wp-json\/wp\/v2\/comments?post=1770"}],"version-history":[{"count":8,"href":"https:\/\/www.skolabezhranic.cz\/srbec\/wp-json\/wp\/v2\/posts\/1770\/revisions"}],"predecessor-version":[{"id":1815,"href":"https:\/\/www.skolabezhranic.cz\/srbec\/wp-json\/wp\/v2\/posts\/1770\/revisions\/1815"}],"wp:featuredmedia":[{"embeddable":true,"href":"https:\/\/www.skolabezhranic.cz\/srbec\/wp-json\/wp\/v2\/media\/1771"}],"wp:attachment":[{"href":"https:\/\/www.skolabezhranic.cz\/srbec\/wp-json\/wp\/v2\/media?parent=1770"}],"wp:term":[{"taxonomy":"category","embeddable":true,"href":"https:\/\/www.skolabezhranic.cz\/srbec\/wp-json\/wp\/v2\/categories?post=1770"},{"taxonomy":"post_tag","embeddable":true,"href":"https:\/\/www.skolabezhranic.cz\/srbec\/wp-json\/wp\/v2\/tags?post=1770"}],"curies":[{"name":"wp","href":"https:\/\/api.w.org\/{rel}","templated":true}]}}