{"id":1404,"date":"2021-04-08T19:07:25","date_gmt":"2021-04-08T17:07:25","guid":{"rendered":"http:\/\/www.skolabezhranic.cz\/srbec\/?p=1404"},"modified":"2021-04-08T19:07:25","modified_gmt":"2021-04-08T17:07:25","slug":"informace-k-navratu-predskolnich-deti-do-ms-od-12-dubna-2021","status":"publish","type":"post","link":"https:\/\/www.skolabezhranic.cz\/srbec\/2021\/04\/08\/informace-k-navratu-predskolnich-deti-do-ms-od-12-dubna-2021\/","title":{"rendered":"Informace k n\u00e1vratu p\u0159ed\u0161koln\u00edch d\u011bt\u00ed do M\u0160 od 12. dubna 2021"},"content":{"rendered":"<p>Hygienick\u00e1 pravidla<br \/>\n\u25cf D\u011bti nejsou povinny nosit v budov\u011b M\u0160 zdravotnickou rou\u0161ku.<br \/>\n\u25cf U vstupu do budovy M\u0160, v ka\u017ed\u00e9 t\u0159\u00edd\u011b, j\u00eddeln\u011b, odd\u011blen\u00ed, hygienick\u00e9m za\u0159\u00edzen\u00ed jsou k dispozici prost\u0159edky k dezinfekci rukou v n\u00e1dob\u00e1ch s d\u00e1vkova\u010dem.<br \/>\n<span style=\"text-decoration: underline;\">Testov\u00e1n\u00ed d\u011bt\u00ed na COVID \u2013 19<\/span><br \/>\n<span style=\"color: #ff0000;\">\u017d\u00e1d\u00e1me rodi\u010de, aby dodr\u017eovali (s ohledem na \u010das, kter\u00fd zabere povinn\u00e9 testov\u00e1n\u00ed)\u00a0<\/span><span style=\"color: #ff0000;\">stanovenou dobu p\u0159\u00edchodu do M\u0160<br \/>\n(6,30 &#8211; 8,00)<\/span><br \/>\nD\u011btem, kter\u00e9 maj\u00ed pozitivn\u00ed v\u00fdsledek testov\u00e1n\u00ed nebo se testov\u00e1n\u00ed ne\u00fa\u010dastn\u00ed, je zak\u00e1z\u00e1na osobn\u00ed p\u0159\u00edtomnost na vzd\u011bl\u00e1v\u00e1n\u00ed.<br \/>\n\u25cf Na\u0161\u00ed \u0161kole byly z rozhodnut\u00ed M\u0160MT p\u0159id\u011bleny testovac\u00ed sady Lepu Rapid. Na n\u00ed\u017ee uveden\u00fdch odkazech z\u00edsk\u00e1te informace o zp\u016fsobu proveden\u00ed testu.<br \/>\n<a href=\"http:\/\/www.pedagogicke.info\/2021\/04\/msmt-instruktaz-pro-skoly-k-testovani.html\">http:\/\/www.pedagogicke.info\/2021\/04\/msmt-instruktaz-pro-skoly-k-testovani.html<\/a><br \/>\n<a href=\"https:\/\/www.skolabezhranic.cz\/srbec\/wp-content\/uploads\/2021\/04\/testovani-instruktazni-letak-lepu-6-4-21.pdf\">testovani-instruktazni-letak-lepu-6-4-21<\/a><br \/>\nDovolujeme si po\u017e\u00e1dat rodi\u010de, aby se sv\u00fdmi d\u011btmi video \u010di let\u00e1k shl\u00e9dli a probrali s nimi postup testov\u00e1n\u00ed. Va\u0161e vst\u0159\u00edcnost a p\u0159ipravenost n\u00e1m velmi pom\u016f\u017ee v hladk\u00e9m pr\u016fb\u011bhu testov\u00e1n\u00ed.<br \/>\n\u25cf Testov\u00e1n\u00ed bude prob\u00edhat tzv. samosb\u011brem, u kter\u00e9ho nen\u00ed nutn\u00e1 asistence zdravotnick\u00e9ho person\u00e1lu, p\u0159i p\u0159\u00edchodu d\u011bt\u00ed do \u0161koly v\u017edy v pond\u011bl\u00ed a ve \u010dtvrtek (pokud tento den d\u00edt\u011b ve \u0161kole nebude, tak v den, kdy do \u0161koly po tomto dni p\u0159ijde). D\u011btem bude s testov\u00e1n\u00edm pom\u00e1hat zam\u011bstnanec \u0161koly (sezn\u00e1m\u00ed je s postupem testov\u00e1n\u00ed apod.).<br \/>\n\u25cf Je umo\u017en\u011bna asistence p\u0159i prov\u00e1d\u011bn\u00ed testu t\u0159et\u00ed osobou (z\u00e1konn\u00fd z\u00e1stupce \u010di jin\u00e1 osoba, kter\u00e1 mus\u00ed m\u00edt souhlas nebo b\u00fdt pov\u011b\u0159ena z\u00e1konn\u00fdm z\u00e1stupcem a z\u00e1rove\u0148 s touto asistenc\u00ed souhlasit).<br \/>\n\u25cf Testov\u00e1n\u00ed se neprov\u00e1d\u00ed u osob, kter\u00e9 dolo\u017e\u00ed negativn\u00ed v\u00fdsledek RT-PCR testu na p\u0159\u00edtomnost viru SARS-CoV-2 nebo negativn\u00edho v\u00fdsledku POC antigenn\u00edho testu na p\u0159\u00edtomnost antigenu viru SARS-CoV-2 proveden\u00fd na odb\u011brov\u00e9m m\u00edst\u011b, kter\u00e9 nejsou star\u0161\u00ed 48 hod., a pokud tyto osoby nemaj\u00ed p\u0159\u00edznaky onemocn\u011bn\u00ed COVID-19.<br \/>\n\u25cf Testov\u00e1n\u00ed se neprov\u00e1d\u00ed u osob, kter\u00e9 absolvovaly z d\u016fvodu onemocn\u011bn\u00ed COVID-19 izolaci minim\u00e1ln\u011b v rozsahu podle platn\u00e9ho mimo\u0159\u00e1dn\u00e9ho opat\u0159en\u00ed Ministerstva zdravotnictv\u00ed upravuj\u00edc\u00edho na\u0159izov\u00e1n\u00ed izolace a karant\u00e9ny a z\u00e1rove\u0148 neuplynulo v\u00edce ne\u017e 90 dn\u016f od prvn\u00edho RT-PCR testu s pozitivn\u00edm v\u00fdsledkem. Tuto skute\u010dnost mus\u00ed osoba prokazateln\u011b dolo\u017eit. Pokud ji \u0161kole nedolo\u017e\u00ed, tak se \u00fa\u010dastn\u00ed testov\u00e1n\u00ed dle harmonogramu \u0161koly.<br \/>\nKroky \u0161koly v z\u00e1vislosti na v\u00fdsledku testov\u00e1n\u00ed<br \/>\nPostup \u0161koly je uveden v n\u00e1sleduj\u00edc\u00edm p\u0159ehledu: <a href=\"https:\/\/www.skolabezhranic.cz\/srbec\/wp-content\/uploads\/2021\/04\/testovani-diagram.pdf\">testovani diagram<\/a><br \/>\nPostup \u0161koly v p\u0159\u00edpad\u011b podez\u0159en\u00ed na v\u00fdskyt n\u00e1kazy COVID &#8211; 19<br \/>\n1. p\u0159\u00edznaky jsou patrn\u00e9 ji\u017e p\u0159i p\u0159\u00edchodu d\u00edt\u011bte do \u0161koly, pak d\u00edt\u011b nen\u00ed vpu\u0161t\u011bno do budovy \u0161koly; za podm\u00ednky, \u017ee je p\u0159\u00edtomen jeho z\u00e1konn\u00fd z\u00e1stupce,<br \/>\n2. p\u0159\u00edznaky se vyskytnou, jsou patrn\u00e9 v pr\u016fb\u011bhu p\u0159\u00edtomnosti d\u00edt\u011bte ve \u0161kole \u2013 d\u00edt\u011b je neprodlen\u011b um\u00edst\u011bno do p\u0159edem p\u0159ipraven\u00e9<br \/>\nsamostatn\u00e9 m\u00edstnosti, aby bylo izolov\u00e1no od ostatn\u00edch p\u0159\u00edtomn\u00fdch ve \u0161kole a sou\u010dasn\u011b je informov\u00e1n z\u00e1konn\u00fd z\u00e1stupce d\u00edt\u011bte o nutnosti bezodkladn\u00e9ho vyzvednut\u00ed d\u00edt\u011bte ze \u0161koly.<br \/>\nVe v\u0161ech uveden\u00fdch p\u0159\u00edpadech \u0161kola informuje z\u00e1konn\u00e9ho z\u00e1stupce, \u017ee m\u00e1 telefonicky kontaktovat praktick\u00e9ho l\u00e9ka\u0159e, kter\u00fd rozhodne o dal\u0161\u00edm postupu.<br \/>\nD\u00edt\u011bti s p\u0159etrv\u00e1vaj\u00edc\u00edmi p\u0159\u00edznaky infek\u010dn\u00edho onemocn\u011bn\u00ed, kter\u00e9 jsou projevem chronick\u00e9ho onemocn\u011bn\u00ed, v\u010detn\u011b alergick\u00e9ho onemocn\u011bn\u00ed (r\u00fdma, ka\u0161el), je umo\u017en\u011bn vstup do M\u0160 pouze v p\u0159\u00edpad\u011b, prok\u00e1\u017ee-li, \u017ee netrp\u00ed infek\u010dn\u00ed nemoc\u00ed.<\/p>\n","protected":false},"excerpt":{"rendered":"<p>Hygienick\u00e1 pravidla \u25cf D\u011bti nejsou povinny nosit v budov\u011b M\u0160 zdravotnickou rou\u0161ku. \u25cf U vstupu do budovy M\u0160, v ka\u017ed\u00e9 t\u0159\u00edd\u011b, j\u00eddeln\u011b, odd\u011blen\u00ed, hygienick\u00e9m za\u0159\u00edzen\u00ed jsou k dispozici prost\u0159edky k dezinfekci rukou v n\u00e1dob\u00e1ch s d\u00e1vkova\u010dem. Testov\u00e1n\u00ed d\u011bt\u00ed na COVID \u2013 19 \u017d\u00e1d\u00e1me rodi\u010de, aby dodr\u017eovali (s ohledem na \u010das,&#46;&#46;&#46;<\/p>\n","protected":false},"author":12,"featured_media":1407,"comment_status":"open","ping_status":"open","sticky":false,"template":"","format":"standard","meta":{"footnotes":""},"categories":[1],"tags":[],"class_list":["post-1404","post","type-post","status-publish","format-standard","has-post-thumbnail","hentry","category-nezarazene"],"_links":{"self":[{"href":"https:\/\/www.skolabezhranic.cz\/srbec\/wp-json\/wp\/v2\/posts\/1404","targetHints":{"allow":["GET"]}}],"collection":[{"href":"https:\/\/www.skolabezhranic.cz\/srbec\/wp-json\/wp\/v2\/posts"}],"about":[{"href":"https:\/\/www.skolabezhranic.cz\/srbec\/wp-json\/wp\/v2\/types\/post"}],"author":[{"embeddable":true,"href":"https:\/\/www.skolabezhranic.cz\/srbec\/wp-json\/wp\/v2\/users\/12"}],"replies":[{"embeddable":true,"href":"https:\/\/www.skolabezhranic.cz\/srbec\/wp-json\/wp\/v2\/comments?post=1404"}],"version-history":[{"count":1,"href":"https:\/\/www.skolabezhranic.cz\/srbec\/wp-json\/wp\/v2\/posts\/1404\/revisions"}],"predecessor-version":[{"id":1408,"href":"https:\/\/www.skolabezhranic.cz\/srbec\/wp-json\/wp\/v2\/posts\/1404\/revisions\/1408"}],"wp:featuredmedia":[{"embeddable":true,"href":"https:\/\/www.skolabezhranic.cz\/srbec\/wp-json\/wp\/v2\/media\/1407"}],"wp:attachment":[{"href":"https:\/\/www.skolabezhranic.cz\/srbec\/wp-json\/wp\/v2\/media?parent=1404"}],"wp:term":[{"taxonomy":"category","embeddable":true,"href":"https:\/\/www.skolabezhranic.cz\/srbec\/wp-json\/wp\/v2\/categories?post=1404"},{"taxonomy":"post_tag","embeddable":true,"href":"https:\/\/www.skolabezhranic.cz\/srbec\/wp-json\/wp\/v2\/tags?post=1404"}],"curies":[{"name":"wp","href":"https:\/\/api.w.org\/{rel}","templated":true}]}}