{"id":1059,"date":"2020-03-27T08:59:55","date_gmt":"2020-03-27T07:59:55","guid":{"rendered":"http:\/\/www.skolabezhranic.cz\/srbec\/?p=1059"},"modified":"2020-05-06T09:41:57","modified_gmt":"2020-05-06T07:41:57","slug":"zapis-do-1-trid-zs-2","status":"publish","type":"post","link":"https:\/\/www.skolabezhranic.cz\/srbec\/2020\/03\/27\/zapis-do-1-trid-zs-2\/","title":{"rendered":"Z\u00e1pis do 1. t\u0159\u00edd Z\u0160"},"content":{"rendered":"<div class=\"clear\">\n<h3><b>TERM\u00cdN Z\u00c1PISU \u017d\u00c1K\u016e do 1. ro\u010dn\u00edku pro \u0161koln\u00ed rok 2020\/2021<br \/>\n<\/b><b>(pro d\u011bti narozen\u00e9 1.9.2013 \u2013 31.8.2014 a pro d\u011bti s\u00a0odkladem povinn\u00e9 \u0161koln\u00ed doch\u00e1zky)<\/b><b><br \/>\n<\/b><b>do Z\u0160 Tu\u0159any a Z\u0160 M\u0161ec \u2013\u00a0<\/b><b>od 1.4.2020 do 30.4.2020<\/b><\/h3>\n<p><a href=\"http:\/\/www.skolabezhranic.cz\/msec\/wp-content\/uploads\/2020\/03\/20200401110126876-1.pdf\">Krit\u00e9ria pro rozhodov\u00e1n\u00ed o p\u0159ijet\u00ed d\u00edt\u011bte do 1. ro\u010dn\u00edku z\u00e1kladn\u00edho vzd\u011bl\u00e1v\u00e1n\u00ed<\/a><\/p>\n<p><a href=\"http:\/\/www.skolabezhranic.cz\/turany\/wp-content\/uploads\/2020\/03\/zadost-o-prijeti-do-ZS-2021-MO.pdf\">\u017d\u00e1dost o p\u0159ijet\u00ed d\u00edt\u011bte k z\u00e1kladn\u00edmu vzd\u011bl\u00e1v\u00e1n\u00ed<\/a><\/p>\n<\/div>\n<div class=\"entry themeform\">\n<div class=\"entry-inner\">\n<p><a href=\"http:\/\/www.skolabezhranic.cz\/msec\/wp-content\/uploads\/2020\/03\/zadost-o-odklad-do-ZS-2021-MO.pdf\">\u017d\u00e1dost o odklad povinn\u00e9 \u0161koln\u00ed doch\u00e1zky<\/a><\/p>\n<\/div>\n<\/div>\n","protected":false},"excerpt":{"rendered":"<p>TERM\u00cdN Z\u00c1PISU \u017d\u00c1K\u016e do 1. ro\u010dn\u00edku pro \u0161koln\u00ed rok 2020\/2021 (pro d\u011bti narozen\u00e9 1.9.2013 \u2013 31.8.2014 a pro d\u011bti s\u00a0odkladem povinn\u00e9 \u0161koln\u00ed doch\u00e1zky) do Z\u0160 Tu\u0159any a Z\u0160 M\u0161ec \u2013\u00a0od 1.4.2020 do 30.4.2020 Krit\u00e9ria pro rozhodov\u00e1n\u00ed o p\u0159ijet\u00ed d\u00edt\u011bte do 1. ro\u010dn\u00edku z\u00e1kladn\u00edho vzd\u011bl\u00e1v\u00e1n\u00ed \u017d\u00e1dost o p\u0159ijet\u00ed d\u00edt\u011bte k z\u00e1kladn\u00edmu&#46;&#46;&#46;<\/p>\n","protected":false},"author":12,"featured_media":952,"comment_status":"open","ping_status":"open","sticky":false,"template":"","format":"standard","meta":{"footnotes":""},"categories":[1],"tags":[],"class_list":["post-1059","post","type-post","status-publish","format-standard","has-post-thumbnail","hentry","category-nezarazene"],"_links":{"self":[{"href":"https:\/\/www.skolabezhranic.cz\/srbec\/wp-json\/wp\/v2\/posts\/1059","targetHints":{"allow":["GET"]}}],"collection":[{"href":"https:\/\/www.skolabezhranic.cz\/srbec\/wp-json\/wp\/v2\/posts"}],"about":[{"href":"https:\/\/www.skolabezhranic.cz\/srbec\/wp-json\/wp\/v2\/types\/post"}],"author":[{"embeddable":true,"href":"https:\/\/www.skolabezhranic.cz\/srbec\/wp-json\/wp\/v2\/users\/12"}],"replies":[{"embeddable":true,"href":"https:\/\/www.skolabezhranic.cz\/srbec\/wp-json\/wp\/v2\/comments?post=1059"}],"version-history":[{"count":5,"href":"https:\/\/www.skolabezhranic.cz\/srbec\/wp-json\/wp\/v2\/posts\/1059\/revisions"}],"predecessor-version":[{"id":1089,"href":"https:\/\/www.skolabezhranic.cz\/srbec\/wp-json\/wp\/v2\/posts\/1059\/revisions\/1089"}],"wp:featuredmedia":[{"embeddable":true,"href":"https:\/\/www.skolabezhranic.cz\/srbec\/wp-json\/wp\/v2\/media\/952"}],"wp:attachment":[{"href":"https:\/\/www.skolabezhranic.cz\/srbec\/wp-json\/wp\/v2\/media?parent=1059"}],"wp:term":[{"taxonomy":"category","embeddable":true,"href":"https:\/\/www.skolabezhranic.cz\/srbec\/wp-json\/wp\/v2\/categories?post=1059"},{"taxonomy":"post_tag","embeddable":true,"href":"https:\/\/www.skolabezhranic.cz\/srbec\/wp-json\/wp\/v2\/tags?post=1059"}],"curies":[{"name":"wp","href":"https:\/\/api.w.org\/{rel}","templated":true}]}}