{"id":7581,"date":"2024-07-01T12:43:31","date_gmt":"2024-07-01T11:43:31","guid":{"rendered":"https:\/\/www.skolabezhranic.cz\/msec\/?p=7581"},"modified":"2024-07-01T12:44:23","modified_gmt":"2024-07-01T11:44:23","slug":"letni-prazdniny-29-6-1-9-2024","status":"publish","type":"post","link":"https:\/\/www.skolabezhranic.cz\/msec\/index.php\/2024\/07\/01\/letni-prazdniny-29-6-1-9-2024\/","title":{"rendered":"Letn\u00ed pr\u00e1zdniny (29. 6. &#8211; 1. 9. 2024)"},"content":{"rendered":"<div id=\"unpobtekane\">\n<div class=\"obsah\">\n<div class=\"perex text-to-speech\">Konec leto\u0161n\u00edho \u0161koln\u00edho roku je za n\u00e1mi, cht\u011bli bychom pop\u0159\u00e1t v\u0161em \u0161kol\u00e1k\u016fm i jejich trp\u011bliv\u00fdm u\u010ditel\u016fm, aby si u\u017eili pr\u00e1zdniny, na kter\u00e9 se jist\u011b v\u0161ichni t\u011b\u0161\u00ed. Velk\u00e9 pod\u011bkov\u00e1n\u00ed p\u0159ed pr\u00e1zdninami pat\u0159\u00ed i v\u0161em ostatn\u00edm \u0161koln\u00edm pracovn\u00edk\u016fm, bez kter\u00fdch by to ne\u0161lo.<\/div>\n<\/div>\n<\/div>\n<div class=\"editor text-to-speech\">\n<p align=\"justify\">Pro n\u011bkter\u00e9 d\u011bti kon\u010d\u00ed sladk\u00fd \u017eivot v mate\u0159sk\u00e9 \u0161kolce \u2013 r\u00e1j, kde si mohly jen hr\u00e1t, j\u00edst, sp\u00e1t a zase si hr\u00e1t. Ale \u017eivot jde d\u00e1l a po pr\u00e1zdnin\u00e1ch za\u010dnou starosti v opravdov\u00e9 \u0161kole &#8211; tentokr\u00e1t ji\u017e v t\u00e9 z\u00e1kladn\u00ed &#8211; kam budou chodit.<\/p>\n<p align=\"justify\">Pro dev\u00e1\u0165\u00e1ky za\u010dne po pr\u00e1zdnin\u00e1ch dal\u0161\u00ed etapa jejich \u017eivota.\u00a0 Se svou z\u00e1kladn\u00ed \u0161kolou se v \u010dervnu rozlou\u010dili po dlouh\u00fdch dev\u00edti letech. Ned\u00e1vno tady st\u00e1li jako prv\u0148\u00e1\u010dci a letos se lou\u010d\u00ed s \u010d\u00e1st\u00ed sv\u00e9ho \u017eivota. Opust\u00ed t\u0159\u00eddn\u00ed partu kamar\u00e1d\u016f a u\u010ditele, kte\u0159\u00ed je celou tu dobu trp\u011bliv\u011b podporovali. Budou si jist\u011b pamatovat nejen z\u00e1\u017eitky, ale i osobnosti u\u010ditel\u016f, kte\u0159\u00ed je formovali. A za to jim pat\u0159\u00ed velk\u00fd d\u00edk.<\/p>\n<p align=\"justify\">V\u0161em p\u0159ejeme hodn\u011b slun\u00ed\u010dka, pr\u00e1zdninov\u00fdch z\u00e1\u017eitk\u016f, odpo\u010dinku, koup\u00e1n\u00ed a v z\u00e1\u0159\u00ed zase na shledanou ve \u0161koln\u00edch lavic\u00edch!<\/p>\n<p align=\"justify\">Veden\u00ed Z\u0160 a M\u0160 Bez hranic<\/p>\n<\/div>\n","protected":false},"excerpt":{"rendered":"<p>Konec leto\u0161n\u00edho \u0161koln\u00edho roku je za n\u00e1mi, cht\u011bli bychom pop\u0159\u00e1t v\u0161em \u0161kol\u00e1k\u016fm i jejich trp\u011bliv\u00fdm u\u010ditel\u016fm, aby si u\u017eili pr\u00e1zdniny, na kter\u00e9 se jist\u011b v\u0161ichni t\u011b\u0161\u00ed. Velk\u00e9 pod\u011bkov\u00e1n\u00ed p\u0159ed pr\u00e1zdninami pat\u0159\u00ed i v\u0161em ostatn\u00edm \u0161koln\u00edm pracovn\u00edk\u016fm, bez kter\u00fdch by to ne\u0161lo. Pro n\u011bkter\u00e9 d\u011bti kon\u010d\u00ed sladk\u00fd \u017eivot v mate\u0159sk\u00e9 \u0161kolce&#46;&#46;&#46;<\/p>\n","protected":false},"author":12,"featured_media":7582,"comment_status":"closed","ping_status":"closed","sticky":false,"template":"","format":"standard","meta":{"footnotes":""},"categories":[1],"tags":[],"class_list":["post-7581","post","type-post","status-publish","format-standard","has-post-thumbnail","hentry","category-uncategorized"],"_links":{"self":[{"href":"https:\/\/www.skolabezhranic.cz\/msec\/index.php\/wp-json\/wp\/v2\/posts\/7581","targetHints":{"allow":["GET"]}}],"collection":[{"href":"https:\/\/www.skolabezhranic.cz\/msec\/index.php\/wp-json\/wp\/v2\/posts"}],"about":[{"href":"https:\/\/www.skolabezhranic.cz\/msec\/index.php\/wp-json\/wp\/v2\/types\/post"}],"author":[{"embeddable":true,"href":"https:\/\/www.skolabezhranic.cz\/msec\/index.php\/wp-json\/wp\/v2\/users\/12"}],"replies":[{"embeddable":true,"href":"https:\/\/www.skolabezhranic.cz\/msec\/index.php\/wp-json\/wp\/v2\/comments?post=7581"}],"version-history":[{"count":2,"href":"https:\/\/www.skolabezhranic.cz\/msec\/index.php\/wp-json\/wp\/v2\/posts\/7581\/revisions"}],"predecessor-version":[{"id":7584,"href":"https:\/\/www.skolabezhranic.cz\/msec\/index.php\/wp-json\/wp\/v2\/posts\/7581\/revisions\/7584"}],"wp:featuredmedia":[{"embeddable":true,"href":"https:\/\/www.skolabezhranic.cz\/msec\/index.php\/wp-json\/wp\/v2\/media\/7582"}],"wp:attachment":[{"href":"https:\/\/www.skolabezhranic.cz\/msec\/index.php\/wp-json\/wp\/v2\/media?parent=7581"}],"wp:term":[{"taxonomy":"category","embeddable":true,"href":"https:\/\/www.skolabezhranic.cz\/msec\/index.php\/wp-json\/wp\/v2\/categories?post=7581"},{"taxonomy":"post_tag","embeddable":true,"href":"https:\/\/www.skolabezhranic.cz\/msec\/index.php\/wp-json\/wp\/v2\/tags?post=7581"}],"curies":[{"name":"wp","href":"https:\/\/api.w.org\/{rel}","templated":true}]}}